{"id":1118,"date":"2019-08-26T00:00:00","date_gmt":"2019-08-25T22:00:00","guid":{"rendered":"https:\/\/genderaveda.softmedia.cz\/eument-net-call-for-papers-and-workshop-invitation-copy\/"},"modified":"2022-02-28T13:37:00","modified_gmt":"2022-02-28T12:37:00","slug":"eument-net-call-for-papers-and-workshop-invitation-copy","status":"publish","type":"post","link":"https:\/\/genderaveda.cz\/en\/eument-net-call-for-papers-and-workshop-invitation-copy\/","title":{"rendered":"Scientists working outside of academia, Fullbright and combining family and academic career. Informal event for (post)docs is coming soon"},"content":{"rendered":"<p style=\"text-align: justify;\">Under our mentoring program for beginner scientists we are holding the annual Alumni event for current and former mentees. However, it is also open for those who are yet to join the program. We would like to invite you to this event with this exciting <a href=\"http:\/\/genderaveda.cz\/wp-content\/uploads\/2019\/08\/Program_emailing.pdf\">program<\/a>.<\/p>\n<p style=\"text-align: justify;\">There will be three panels with TED talks and discussion. We are going to talk about academic mobility, specifically about our mentee\u2019s experiences with the Fullbright scholarship, with combining academic work and family life and in the end we will have a discussion with experienced scientists about their career in different working fields. Our guests will share their views on different specifics of individual fields and they will compare what they like or dislike and why.<\/p>\n<p style=\"text-align: justify;\">\u201cOur invitation was also accepted by Hedvika Kadlecov\u00e1 the L\u2019Oreal UNESCO price holder for women in science who is going to discuss her comeback to theoretical physics. Therefore, we will not only discuss leaving the academia but also coming back and combining scientific work with career outside of this field. \u00a0This event is great for everyone who considers her\/his options after PhD.\u201d Says the program assistant Kate\u0159ina Mar\u0161\u00e1lkov\u00e1.<\/p>\n<p style=\"text-align: justify;\">This event will be held on Saturday, September 28<sup>th<\/sup> in <a href=\"http:\/\/www.akc-avcr.cz\/\">Akademick\u00e9 konferen\u010dn\u00ed centru<\/a>m Husova, 4a. If you are interested please sign up for the event via this form: <a href=\"https:\/\/doodle.com\/poll\/92t7m249e87a7a5k\">https:\/\/doodle.com\/poll\/92t7m249e87a7a5k<\/a><\/p>\n<p style=\"text-align: justify;\">We are looking forward to see you!<\/p>\n","protected":false},"excerpt":{"rendered":"<p>Under our mentoring program for beginner scientists we are holding the annual Alumni event for current and former mentees. However, it is also open for those who are yet to join the program. We would like to invite you to this event with this exciting program. There will be three panels with TED talks and discussion. We are going to talk about academic mobility, specifically about our mentee\u2019s experiences with the Fullbright scholarship, with combining&#8230;<\/p>\n","protected":false},"author":1,"featured_media":754,"comment_status":"closed","ping_status":"closed","sticky":false,"template":"","format":"standard","meta":{"_acf_changed":false,"_eb_attr":"","footnotes":""},"categories":[13],"tags":[8],"class_list":["post-1118","post","type-post","status-publish","format-standard","has-post-thumbnail","hentry","category-news-mentoring","tag-udalost-en"],"acf":[],"_links":{"self":[{"href":"https:\/\/genderaveda.cz\/en\/wp-json\/wp\/v2\/posts\/1118","targetHints":{"allow":["GET"]}}],"collection":[{"href":"https:\/\/genderaveda.cz\/en\/wp-json\/wp\/v2\/posts"}],"about":[{"href":"https:\/\/genderaveda.cz\/en\/wp-json\/wp\/v2\/types\/post"}],"author":[{"embeddable":true,"href":"https:\/\/genderaveda.cz\/en\/wp-json\/wp\/v2\/users\/1"}],"replies":[{"embeddable":true,"href":"https:\/\/genderaveda.cz\/en\/wp-json\/wp\/v2\/comments?post=1118"}],"version-history":[{"count":1,"href":"https:\/\/genderaveda.cz\/en\/wp-json\/wp\/v2\/posts\/1118\/revisions"}],"predecessor-version":[{"id":1349,"href":"https:\/\/genderaveda.cz\/en\/wp-json\/wp\/v2\/posts\/1118\/revisions\/1349"}],"wp:featuredmedia":[{"embeddable":true,"href":"https:\/\/genderaveda.cz\/en\/wp-json\/wp\/v2\/media\/754"}],"wp:attachment":[{"href":"https:\/\/genderaveda.cz\/en\/wp-json\/wp\/v2\/media?parent=1118"}],"wp:term":[{"taxonomy":"category","embeddable":true,"href":"https:\/\/genderaveda.cz\/en\/wp-json\/wp\/v2\/categories?post=1118"},{"taxonomy":"post_tag","embeddable":true,"href":"https:\/\/genderaveda.cz\/en\/wp-json\/wp\/v2\/tags?post=1118"}],"curies":[{"name":"wp","href":"https:\/\/api.w.org\/{rel}","templated":true}]}}