{"id":762,"date":"2017-11-25T00:00:00","date_gmt":"2017-11-24T23:00:00","guid":{"rendered":"https:\/\/genderaveda.softmedia.cz\/new-chair-of-eument-net\/"},"modified":"2022-02-28T13:34:31","modified_gmt":"2022-02-28T12:34:31","slug":"new-chair-of-eument-net","status":"publish","type":"post","link":"https:\/\/genderaveda.cz\/en\/new-chair-of-eument-net\/","title":{"rendered":"Kate\u0159ina Cidlinsk\u00e1 is a new chair of EUMENT-NET"},"content":{"rendered":"<p style=\"text-align: justify;\">European network of mentoring programms has a new chair and executive board. Elected by general assembly, that was held in Prague on 24th November 2017 their task will be strenghtening of cooperation, education and sharing of good practice. On the picture from left: Dagmar H\u00f6ppel- Universit\u00e4t Stuttgart, Kate\u0159ina Cidlinsk\u00e1 \u2013 NKC \u2013 gender &amp; science, Ekaterina Masetkina \u2013 Universit\u00e4t D\u00fcsseldorf a Olivia Och \u2013 Universit\u00e9 de Gen\u00e8ve.<\/p>\n<p style=\"text-align: justify;\">\n","protected":false},"excerpt":{"rendered":"<p>European network of mentoring programms has a new chair and executive board. Elected by general assembly, that was held in Prague on 24th November 2017 their task will be strenghtening of cooperation, education and sharing of good practice. On the picture from left: Dagmar H\u00f6ppel- Universit\u00e4t Stuttgart, Kate\u0159ina Cidlinsk\u00e1 \u2013 NKC \u2013 gender &amp; science, Ekaterina Masetkina \u2013 Universit\u00e4t D\u00fcsseldorf a Olivia Och \u2013 Universit\u00e9 de Gen\u00e8ve.<\/p>\n","protected":false},"author":1,"featured_media":763,"comment_status":"closed","ping_status":"closed","sticky":false,"template":"","format":"standard","meta":{"_acf_changed":false,"_eb_attr":"","footnotes":""},"categories":[14],"tags":[],"class_list":["post-762","post","type-post","status-publish","format-standard","has-post-thumbnail","hentry","category-newsnews-mentoring"],"acf":[],"_links":{"self":[{"href":"https:\/\/genderaveda.cz\/en\/wp-json\/wp\/v2\/posts\/762","targetHints":{"allow":["GET"]}}],"collection":[{"href":"https:\/\/genderaveda.cz\/en\/wp-json\/wp\/v2\/posts"}],"about":[{"href":"https:\/\/genderaveda.cz\/en\/wp-json\/wp\/v2\/types\/post"}],"author":[{"embeddable":true,"href":"https:\/\/genderaveda.cz\/en\/wp-json\/wp\/v2\/users\/1"}],"replies":[{"embeddable":true,"href":"https:\/\/genderaveda.cz\/en\/wp-json\/wp\/v2\/comments?post=762"}],"version-history":[{"count":1,"href":"https:\/\/genderaveda.cz\/en\/wp-json\/wp\/v2\/posts\/762\/revisions"}],"predecessor-version":[{"id":1258,"href":"https:\/\/genderaveda.cz\/en\/wp-json\/wp\/v2\/posts\/762\/revisions\/1258"}],"wp:featuredmedia":[{"embeddable":true,"href":"https:\/\/genderaveda.cz\/en\/wp-json\/wp\/v2\/media\/763"}],"wp:attachment":[{"href":"https:\/\/genderaveda.cz\/en\/wp-json\/wp\/v2\/media?parent=762"}],"wp:term":[{"taxonomy":"category","embeddable":true,"href":"https:\/\/genderaveda.cz\/en\/wp-json\/wp\/v2\/categories?post=762"},{"taxonomy":"post_tag","embeddable":true,"href":"https:\/\/genderaveda.cz\/en\/wp-json\/wp\/v2\/tags?post=762"}],"curies":[{"name":"wp","href":"https:\/\/api.w.org\/{rel}","templated":true}]}}